{"id":1695,"date":"2017-04-03T15:00:19","date_gmt":"2017-04-03T18:00:19","guid":{"rendered":"http:\/\/premiapao.com.br\/blog\/?p=1695"},"modified":"2017-12-27T16:36:39","modified_gmt":"2017-12-27T19:36:39","slug":"abf","status":"publish","type":"post","link":"https:\/\/premiapao.com.br\/blog\/abf\/","title":{"rendered":"[Novidade] A PremiaP\u00e3o se tornou associada da ABF"},"content":{"rendered":"<p>O m\u00eas de mar\u00e7o trouxe uma not\u00edcia bastante aguardada pela equipe PremiaP\u00e3o. E \u00e9 com enorme prazer que anunciamos que a PremiaP\u00e3o foi reconhecida pela Associa\u00e7\u00e3o Brasileira de Franchising (ABF). Depois de um longo processo de associa\u00e7\u00e3o, a PremiaP\u00e3o passou a integrar o time de franquias com o selo da ABF. Esse acontecimento s\u00f3 comprova ainda mais a seriedade e responsabilidade da empresa no setor de franquias. A entidade \u00e9 respons\u00e1vel por por conceder aos associados um Selo de Excel\u00eancia em Franchising, depois que os respectivos franqueadores concluem um minucioso processo de avalia\u00e7\u00e3o.<\/p>\n<p><!--more--><\/p>\n<p>Todo o processo dura alguns meses, podendo chegar at\u00e9 a um ano. Este reconhecimento \u00e9 essencial para uma empresa como a PremiaP\u00e3o, que est\u00e1 em um processo de expans\u00e3o. Fazer parte da ABF \u00e9, para qualquer franquia, um momento muito importante. E ainda faz parte do crescimento da marca, pois coloca a empresa em um patamar diferenciado das demais. Muitas marcas almejam ter o Selo de Excel\u00eancia, por\u00e9m, por conta do seleto e rigoroso processo de sele\u00e7\u00e3o, nem todas elas atendem o que realmente \u00e9 necess\u00e1rio.<\/p>\n<figure id=\"attachment_1701\" aria-describedby=\"caption-attachment-1701\" style=\"width: 434px\" class=\"wp-caption alignleft\"><img fetchpriority=\"high\" decoding=\"async\" class=\"wp-image-1701\" src=\"https:\/\/premiapao.com.br\/blog\/wp-content\/uploads\/2017\/03\/Untitled-design-26-1024x521.png\" alt=\"Agora a PremiaP\u00e3o faz parte do grupo de franquias que possuem o Selo em Excel\u00eancia em Franchising pela ABF\" width=\"434\" height=\"221\" srcset=\"https:\/\/premiapao.com.br\/blog\/wp-content\/uploads\/2017\/03\/Untitled-design-26-1024x521.png 1024w, https:\/\/premiapao.com.br\/blog\/wp-content\/uploads\/2017\/03\/Untitled-design-26-300x153.png 300w, https:\/\/premiapao.com.br\/blog\/wp-content\/uploads\/2017\/03\/Untitled-design-26-768x391.png 768w, https:\/\/premiapao.com.br\/blog\/wp-content\/uploads\/2017\/03\/Untitled-design-26-990x504.png 990w, https:\/\/premiapao.com.br\/blog\/wp-content\/uploads\/2017\/03\/Untitled-design-26.png 1080w\" sizes=\"(max-width: 434px) 100vw, 434px\" \/><figcaption id=\"caption-attachment-1701\" class=\"wp-caption-text\">Agora a PremiaP\u00e3o faz parte do grupo de franquias que possuem o Selo de Excel\u00eancia em Franchising pela ABF<\/figcaption><\/figure>\n<h1>Um pouco mais sobre a ABF<\/h1>\n<p>A Associa\u00e7\u00e3o Brasileira de Franchising (ABF) j\u00e1 possui quase 30 anos de atua\u00e7\u00e3o e \u00e9 uma entidade sem fins lucrativos. A miss\u00e3o da ABF \u00e9 divulgar, defender e promover o desenvolvimento t\u00e9cnico e institucional do modelo de neg\u00f3cio batizado como franchising. Atualmente conta com 1.300 associados, em m\u00e9dia, divididos entre v\u00e1rias categorias, como franqueadores, franqueados e consultores. Todos os associados, de alguma forma, garantem e disseminam o franchising no Pa\u00eds.<\/p>\n<p>Al\u00e9m disso, atua com o Governo Brasileiro, com o objetivo de fortalecer uma pol\u00edtica nacional para o setor. A ABF funciona como um um gerador de postos de trabalhos, distribui\u00e7\u00e3o de renda e divisas ao Pa\u00eds. Segundo dados do <a href=\"http:\/\/www.abf.com.br\/a-abf\/atuacao-e-objetivos-da-abf\/\">pr\u00f3prio site<\/a> da ABF, no cen\u00e1rio internacional, a entidade\u00a0se destaca por seu perfil empreendedor. A Associa\u00e7\u00e3o tamb\u00e9m \u00e9 membro-fundador do WFC (World Franchise Council), entidade que congrega as mais importantes associa\u00e7\u00f5es no mundo, bem como da <a href=\"http:\/\/www2.portalfiaf.com\/\" target=\"_blank\">FIAF<\/a> (Federa\u00e7\u00e3o Ibero-Americana de Franquias). Al\u00e9m disso, tamb\u00e9m faz parte do quadro da <a href=\"http:\/\/www.franchise.org\/\" target=\"_blank\">IFA<\/a> (International Franchise Association) e tamb\u00e9m \u00e9 membro correspondente da Federa\u00e7\u00e3o Europ\u00e9ia de Franchising. Desde 2009, passou a ocupar uma cadeira no FIRAE \u2013 Forum for International Retail Association Executives.<\/p>\n<p>&nbsp;<\/p>\n","protected":false},"excerpt":{"rendered":"<p>O m\u00eas de mar\u00e7o trouxe uma not\u00edcia bastante aguardada pela equipe PremiaP\u00e3o. E \u00e9 com enorme prazer que anunciamos que a PremiaP\u00e3o foi reconhecida pela Associa\u00e7\u00e3o Brasileira de Franchising (ABF). Depois de um longo processo de associa\u00e7\u00e3o, a PremiaP\u00e3o passou a integrar o time de franquias com o selo da ABF. Esse acontecimento s\u00f3 comprova [&hellip;]<\/p>\n","protected":false},"author":941683,"featured_media":1702,"comment_status":"open","ping_status":"open","sticky":false,"template":"","format":"standard","meta":{"om_disable_all_campaigns":false,"_exactmetrics_skip_tracking":false,"_exactmetrics_sitenote_active":false,"_exactmetrics_sitenote_note":"","_exactmetrics_sitenote_category":0,"_monsterinsights_skip_tracking":false,"_monsterinsights_sitenote_active":false,"_monsterinsights_sitenote_note":"","_monsterinsights_sitenote_category":0,"_uf_show_specific_survey":0,"_uf_disable_surveys":false,"footnotes":""},"categories":[8],"tags":[139,41,22],"aioseo_notices":[],"yoast_head":"<!-- This site is optimized with the Yoast SEO plugin v22.1 - https:\/\/yoast.com\/wordpress\/plugins\/seo\/ -->\n<title>[Novidade] A PremiaP\u00e3o se tornou associada da ABF - Blog PremiaP\u00e3o<\/title>\n<meta name=\"description\" content=\"O m\u00eas de mar\u00e7o trouxe uma not\u00edcia bastante aguardada pela equipe PremiaP\u00e3o. E \u00e9 com enorme prazer que anunciamos que a PremiaP\u00e3o foi reconhecida pela\" \/>\n<meta name=\"robots\" content=\"index, follow, max-snippet:-1, max-image-preview:large, max-video-preview:-1\" \/>\n<link rel=\"canonical\" href=\"https:\/\/premiapao.com.br\/blog\/abf\/\" \/>\n<meta property=\"og:locale\" content=\"pt_BR\" \/>\n<meta property=\"og:type\" content=\"article\" \/>\n<meta property=\"og:title\" content=\"[Novidade] A PremiaP\u00e3o se tornou associada da ABF - Blog PremiaP\u00e3o\" \/>\n<meta property=\"og:description\" content=\"O m\u00eas de mar\u00e7o trouxe uma not\u00edcia bastante aguardada pela equipe PremiaP\u00e3o. E \u00e9 com enorme prazer que anunciamos que a PremiaP\u00e3o foi reconhecida pela\" \/>\n<meta property=\"og:url\" content=\"https:\/\/premiapao.com.br\/blog\/abf\/\" \/>\n<meta property=\"og:site_name\" content=\"Blog PremiaP\u00e3o\" \/>\n<meta property=\"article:publisher\" content=\"http:\/\/facebook.com\/premiapao\" \/>\n<meta property=\"article:published_time\" content=\"2017-04-03T18:00:19+00:00\" \/>\n<meta property=\"article:modified_time\" content=\"2017-12-27T19:36:39+00:00\" \/>\n<meta property=\"og:image\" content=\"https:\/\/premiapao.com.br\/blog\/wp-content\/uploads\/2017\/03\/Imagem-capa.png\" \/>\n\t<meta property=\"og:image:width\" content=\"980\" \/>\n\t<meta property=\"og:image:height\" content=\"653\" \/>\n\t<meta property=\"og:image:type\" content=\"image\/png\" \/>\n<meta name=\"author\" content=\"PremiaP\u00e3o\" \/>\n<meta name=\"twitter:card\" content=\"summary_large_image\" \/>\n<meta name=\"twitter:label1\" content=\"Escrito por\" \/>\n\t<meta name=\"twitter:data1\" content=\"PremiaP\u00e3o\" \/>\n\t<meta name=\"twitter:label2\" content=\"Est. tempo de leitura\" \/>\n\t<meta name=\"twitter:data2\" content=\"2 minutos\" \/>\n<script type=\"application\/ld+json\" class=\"yoast-schema-graph\">{\"@context\":\"https:\/\/schema.org\",\"@graph\":[{\"@type\":\"WebPage\",\"@id\":\"https:\/\/premiapao.com.br\/blog\/abf\/\",\"url\":\"https:\/\/premiapao.com.br\/blog\/abf\/\",\"name\":\"[Novidade] A PremiaP\u00e3o se tornou associada da ABF - Blog PremiaP\u00e3o\",\"isPartOf\":{\"@id\":\"https:\/\/premiapao.com.br\/blog\/#website\"},\"datePublished\":\"2017-04-03T18:00:19+00:00\",\"dateModified\":\"2017-12-27T19:36:39+00:00\",\"author\":{\"@id\":\"https:\/\/premiapao.com.br\/blog\/#\/schema\/person\/6e0d22e5f11995c70b284336b0697b93\"},\"description\":\"O m\u00eas de mar\u00e7o trouxe uma not\u00edcia bastante aguardada pela equipe PremiaP\u00e3o. E \u00e9 com enorme prazer que anunciamos que a PremiaP\u00e3o foi reconhecida pela\",\"breadcrumb\":{\"@id\":\"https:\/\/premiapao.com.br\/blog\/abf\/#breadcrumb\"},\"inLanguage\":\"pt-BR\",\"potentialAction\":[{\"@type\":\"ReadAction\",\"target\":[\"https:\/\/premiapao.com.br\/blog\/abf\/\"]}]},{\"@type\":\"BreadcrumbList\",\"@id\":\"https:\/\/premiapao.com.br\/blog\/abf\/#breadcrumb\",\"itemListElement\":[{\"@type\":\"ListItem\",\"position\":1,\"name\":\"In\u00edcio\",\"item\":\"https:\/\/premiapao.com.br\/blog\/\"},{\"@type\":\"ListItem\",\"position\":2,\"name\":\"[Novidade] A PremiaP\u00e3o se tornou associada da ABF\"}]},{\"@type\":\"WebSite\",\"@id\":\"https:\/\/premiapao.com.br\/blog\/#website\",\"url\":\"https:\/\/premiapao.com.br\/blog\/\",\"name\":\"Blog PremiaP\u00e3o\",\"description\":\"Blog PremiaP\u00e3o para trazer novidades para os interessados em franquia barata e rent\u00e1vel\",\"potentialAction\":[{\"@type\":\"SearchAction\",\"target\":{\"@type\":\"EntryPoint\",\"urlTemplate\":\"https:\/\/premiapao.com.br\/blog\/?s={search_term_string}\"},\"query-input\":\"required name=search_term_string\"}],\"inLanguage\":\"pt-BR\"},{\"@type\":\"Person\",\"@id\":\"https:\/\/premiapao.com.br\/blog\/#\/schema\/person\/6e0d22e5f11995c70b284336b0697b93\",\"name\":\"PremiaP\u00e3o\",\"image\":{\"@type\":\"ImageObject\",\"inLanguage\":\"pt-BR\",\"@id\":\"https:\/\/premiapao.com.br\/blog\/#\/schema\/person\/image\/\",\"url\":\"https:\/\/secure.gravatar.com\/avatar\/7f4cb606c472c551a18f9e7f9cd41922?s=96&d=blank&r=g\",\"contentUrl\":\"https:\/\/secure.gravatar.com\/avatar\/7f4cb606c472c551a18f9e7f9cd41922?s=96&d=blank&r=g\",\"caption\":\"PremiaP\u00e3o\"},\"url\":\"https:\/\/premiapao.com.br\/blog\/author\/premiapao\/\"}]}<\/script>\n<!-- \/ Yoast SEO plugin. -->","yoast_head_json":{"title":"[Novidade] A PremiaP\u00e3o se tornou associada da ABF - Blog PremiaP\u00e3o","description":"O m\u00eas de mar\u00e7o trouxe uma not\u00edcia bastante aguardada pela equipe PremiaP\u00e3o. E \u00e9 com enorme prazer que anunciamos que a PremiaP\u00e3o foi reconhecida pela","robots":{"index":"index","follow":"follow","max-snippet":"max-snippet:-1","max-image-preview":"max-image-preview:large","max-video-preview":"max-video-preview:-1"},"canonical":"https:\/\/premiapao.com.br\/blog\/abf\/","og_locale":"pt_BR","og_type":"article","og_title":"[Novidade] A PremiaP\u00e3o se tornou associada da ABF - Blog PremiaP\u00e3o","og_description":"O m\u00eas de mar\u00e7o trouxe uma not\u00edcia bastante aguardada pela equipe PremiaP\u00e3o. E \u00e9 com enorme prazer que anunciamos que a PremiaP\u00e3o foi reconhecida pela","og_url":"https:\/\/premiapao.com.br\/blog\/abf\/","og_site_name":"Blog PremiaP\u00e3o","article_publisher":"http:\/\/facebook.com\/premiapao","article_published_time":"2017-04-03T18:00:19+00:00","article_modified_time":"2017-12-27T19:36:39+00:00","og_image":[{"width":980,"height":653,"url":"https:\/\/premiapao.com.br\/blog\/wp-content\/uploads\/2017\/03\/Imagem-capa.png","type":"image\/png"}],"author":"PremiaP\u00e3o","twitter_card":"summary_large_image","twitter_misc":{"Escrito por":"PremiaP\u00e3o","Est. tempo de leitura":"2 minutos"},"schema":{"@context":"https:\/\/schema.org","@graph":[{"@type":"WebPage","@id":"https:\/\/premiapao.com.br\/blog\/abf\/","url":"https:\/\/premiapao.com.br\/blog\/abf\/","name":"[Novidade] A PremiaP\u00e3o se tornou associada da ABF - Blog PremiaP\u00e3o","isPartOf":{"@id":"https:\/\/premiapao.com.br\/blog\/#website"},"datePublished":"2017-04-03T18:00:19+00:00","dateModified":"2017-12-27T19:36:39+00:00","author":{"@id":"https:\/\/premiapao.com.br\/blog\/#\/schema\/person\/6e0d22e5f11995c70b284336b0697b93"},"description":"O m\u00eas de mar\u00e7o trouxe uma not\u00edcia bastante aguardada pela equipe PremiaP\u00e3o. E \u00e9 com enorme prazer que anunciamos que a PremiaP\u00e3o foi reconhecida pela","breadcrumb":{"@id":"https:\/\/premiapao.com.br\/blog\/abf\/#breadcrumb"},"inLanguage":"pt-BR","potentialAction":[{"@type":"ReadAction","target":["https:\/\/premiapao.com.br\/blog\/abf\/"]}]},{"@type":"BreadcrumbList","@id":"https:\/\/premiapao.com.br\/blog\/abf\/#breadcrumb","itemListElement":[{"@type":"ListItem","position":1,"name":"In\u00edcio","item":"https:\/\/premiapao.com.br\/blog\/"},{"@type":"ListItem","position":2,"name":"[Novidade] A PremiaP\u00e3o se tornou associada da ABF"}]},{"@type":"WebSite","@id":"https:\/\/premiapao.com.br\/blog\/#website","url":"https:\/\/premiapao.com.br\/blog\/","name":"Blog PremiaP\u00e3o","description":"Blog PremiaP\u00e3o para trazer novidades para os interessados em franquia barata e rent\u00e1vel","potentialAction":[{"@type":"SearchAction","target":{"@type":"EntryPoint","urlTemplate":"https:\/\/premiapao.com.br\/blog\/?s={search_term_string}"},"query-input":"required name=search_term_string"}],"inLanguage":"pt-BR"},{"@type":"Person","@id":"https:\/\/premiapao.com.br\/blog\/#\/schema\/person\/6e0d22e5f11995c70b284336b0697b93","name":"PremiaP\u00e3o","image":{"@type":"ImageObject","inLanguage":"pt-BR","@id":"https:\/\/premiapao.com.br\/blog\/#\/schema\/person\/image\/","url":"https:\/\/secure.gravatar.com\/avatar\/7f4cb606c472c551a18f9e7f9cd41922?s=96&d=blank&r=g","contentUrl":"https:\/\/secure.gravatar.com\/avatar\/7f4cb606c472c551a18f9e7f9cd41922?s=96&d=blank&r=g","caption":"PremiaP\u00e3o"},"url":"https:\/\/premiapao.com.br\/blog\/author\/premiapao\/"}]}},"_links":{"self":[{"href":"https:\/\/premiapao.com.br\/blog\/wp-json\/wp\/v2\/posts\/1695"}],"collection":[{"href":"https:\/\/premiapao.com.br\/blog\/wp-json\/wp\/v2\/posts"}],"about":[{"href":"https:\/\/premiapao.com.br\/blog\/wp-json\/wp\/v2\/types\/post"}],"author":[{"embeddable":true,"href":"https:\/\/premiapao.com.br\/blog\/wp-json\/wp\/v2\/users\/941683"}],"replies":[{"embeddable":true,"href":"https:\/\/premiapao.com.br\/blog\/wp-json\/wp\/v2\/comments?post=1695"}],"version-history":[{"count":13,"href":"https:\/\/premiapao.com.br\/blog\/wp-json\/wp\/v2\/posts\/1695\/revisions"}],"predecessor-version":[{"id":2247,"href":"https:\/\/premiapao.com.br\/blog\/wp-json\/wp\/v2\/posts\/1695\/revisions\/2247"}],"wp:featuredmedia":[{"embeddable":true,"href":"https:\/\/premiapao.com.br\/blog\/wp-json\/wp\/v2\/media\/1702"}],"wp:attachment":[{"href":"https:\/\/premiapao.com.br\/blog\/wp-json\/wp\/v2\/media?parent=1695"}],"wp:term":[{"taxonomy":"category","embeddable":true,"href":"https:\/\/premiapao.com.br\/blog\/wp-json\/wp\/v2\/categories?post=1695"},{"taxonomy":"post_tag","embeddable":true,"href":"https:\/\/premiapao.com.br\/blog\/wp-json\/wp\/v2\/tags?post=1695"}],"curies":[{"name":"wp","href":"https:\/\/api.w.org\/{rel}","templated":true}]}}