{"id":1709,"date":"2017-03-28T14:17:50","date_gmt":"2017-03-28T17:17:50","guid":{"rendered":"http:\/\/premiapao.com.br\/blog\/?p=1709"},"modified":"2017-12-27T16:44:15","modified_gmt":"2017-12-27T19:44:15","slug":"premiapao-experience-2","status":"publish","type":"post","link":"https:\/\/premiapao.com.br\/blog\/premiapao-experience-2\/","title":{"rendered":"1\u00aa Conven\u00e7\u00e3o PremiaP\u00e3o Experience acontece em SP"},"content":{"rendered":"<p><iframe width=\"1320\" height=\"743\" src=\"https:\/\/www.youtube.com\/embed\/8uWuEBZv85g?feature=oembed\" frameborder=\"0\" gesture=\"media\" allow=\"encrypted-media\" allowfullscreen><\/iframe><\/p>\n<p>Quer saber de uma boa not\u00edcia? A PremiaP\u00e3o realiza a sua primeira Conven\u00e7\u00e3o Nacional, em S\u00e3o Paulo, em junho deste ano! O evento ser\u00e1 chamado de <strong>PremiaP\u00e3o Experience <\/strong>e\u00a0acontece no dia 17 de junho. E tem como principal objetivo reunir todos os franqueados da rede. Ao longo do dia, os franqueados devem receber pr\u00eamios, que v\u00e3o ser distribu\u00eddos de acordo com o Plano de Carreira da empresa. At\u00e9 o per\u00edodo da realiza\u00e7\u00e3o, levando em considera\u00e7\u00e3o o crescimento da empresa, estima-se que 100 pessoas participem deste encontro. O <a href=\"http:\/\/www.espacofranca.com\/\">Espa\u00e7o Fran\u00e7a<\/a> foi escolhido para sediar a Conve\u00e7\u00e3o Nacional da PremiaP\u00e3o. O espa\u00e7o possui uma estrutura diferenciada, feita especialmente para eventos corporativos.<\/p>\n<p><!--more--><\/p>\n<figure id=\"attachment_1728\" aria-describedby=\"caption-attachment-1728\" style=\"width: 1024px\" class=\"wp-caption aligncenter\"><img fetchpriority=\"high\" decoding=\"async\" class=\"size-large wp-image-1728\" src=\"https:\/\/premiapao.com.br\/blog\/wp-content\/uploads\/2017\/03\/Espa\u00e7o-Fran\u00e7a-1024x684.jpg\" alt=\"O espa\u00e7o se destaca dos convencionais de S\u00e3o Paulo, mesclando conforto, praticidade e inova\u00e7\u00e3o em um dos mais modernos e tecnol\u00f3gicos centro de treinamento.\" width=\"1024\" height=\"684\" srcset=\"https:\/\/premiapao.com.br\/blog\/wp-content\/uploads\/2017\/03\/Espa\u00e7o-Fran\u00e7a-1024x684.jpg 1024w, https:\/\/premiapao.com.br\/blog\/wp-content\/uploads\/2017\/03\/Espa\u00e7o-Fran\u00e7a-300x200.jpg 300w, https:\/\/premiapao.com.br\/blog\/wp-content\/uploads\/2017\/03\/Espa\u00e7o-Fran\u00e7a-768x513.jpg 768w, https:\/\/premiapao.com.br\/blog\/wp-content\/uploads\/2017\/03\/Espa\u00e7o-Fran\u00e7a-414x276.jpg 414w, https:\/\/premiapao.com.br\/blog\/wp-content\/uploads\/2017\/03\/Espa\u00e7o-Fran\u00e7a-470x313.jpg 470w, https:\/\/premiapao.com.br\/blog\/wp-content\/uploads\/2017\/03\/Espa\u00e7o-Fran\u00e7a-130x86.jpg 130w, https:\/\/premiapao.com.br\/blog\/wp-content\/uploads\/2017\/03\/Espa\u00e7o-Fran\u00e7a-187x124.jpg 187w, https:\/\/premiapao.com.br\/blog\/wp-content\/uploads\/2017\/03\/Espa\u00e7o-Fran\u00e7a-990x661.jpg 990w, https:\/\/premiapao.com.br\/blog\/wp-content\/uploads\/2017\/03\/Espa\u00e7o-Fran\u00e7a-1320x881.jpg 1320w, https:\/\/premiapao.com.br\/blog\/wp-content\/uploads\/2017\/03\/Espa\u00e7o-Fran\u00e7a.jpg 1920w\" sizes=\"(max-width: 1024px) 100vw, 1024px\" \/><figcaption id=\"caption-attachment-1728\" class=\"wp-caption-text\"><em>O espa\u00e7o se destaca dos convencionais de S\u00e3o Paulo, mesclando conforto, praticidade e inova\u00e7\u00e3o em um dos mais modernos e tecnol\u00f3gicos centro de treinamento.<\/em><\/figcaption><\/figure>\n<h1>Durante o PremiaP\u00e3o Experience&#8230;<\/h1>\n<p>Pensando em oferecer conte\u00fado de qualidade para os empreendedores da rede, a PremiaP\u00e3o convidou grandes palestrantes. Um deles \u00e9 Thiago Concer, mestre de vendas e o palestrante mais contratado de 2016, no que se trata desse segmento. Thiago possui, por exemplo, experi\u00eancia em vendas, t\u00e9cnicas e comportamento de vendedores. Todo esse conhecimento foram os respons\u00e1veis por transformar seus cursos e palestras em um dos mais requisitados do Pa\u00eds. Al\u00e9m disso, o evento vai contar com a presen\u00e7a de outros convidados especiais, como Kim Archetti, Alexandre Voguer, Caroline Fioravante e Rafael Monezi. Todos eles possuem ampla experi\u00eancia como palestrantes em suas respectivas \u00e1reas de atua\u00e7\u00e3o e costumam ministrar palestras por todo o Brasil.<\/p>\n<h2>Workshop e muito mais!<\/h2>\n<p>Outro ponto importante para ser destacado \u00e9 o workshop, que vai ser apresentado por Caroline Fioravante. A convidada vai ministrar um curso sobre planejamento estrat\u00e9gico, para os primeiros 30 franqueados que confirmarem sua presen\u00e7a no evento. \u00a0Neste workshop, Caroline vai ajudar os empreendedores a num m\u00f3dulo mais pr\u00e1tico de coaching.<\/p>\n<p>O PremiaP\u00e3o Experience \u00e9<strong> exclusivo para os franqueados da PremiaP\u00e3o<\/strong>. Mas \u00e9 restrito a aqueles que entrarem na franquia at\u00e9 o m\u00eas de maio de 2017. A entrada \u00e9 gratuita. Por\u00e9m, para garantir a presen\u00e7a, ser\u00e1 cobrado uma taxa de reserva no valor de R$ 200,00. Esse valor ser\u00e1 devolvido no dia do evento.<\/p>\n<p>Ficou interessado e quer saber mais? Acesse agora o <a href=\"http:\/\/premiapao.com.br\/experience\/\">site oficial do evento<\/a>\u00a0e confira informa\u00e7\u00f5es completas sobre este grande dia!<\/p>\n","protected":false},"excerpt":{"rendered":"<p>Quer saber de uma boa not\u00edcia? A PremiaP\u00e3o realiza a sua primeira Conven\u00e7\u00e3o Nacional, em S\u00e3o Paulo, em junho deste ano! O evento ser\u00e1 chamado de PremiaP\u00e3o Experience e\u00a0acontece no dia 17 de junho. E tem como principal objetivo reunir todos os franqueados da rede. Ao longo do dia, os franqueados devem receber pr\u00eamios, que [&hellip;]<\/p>\n","protected":false},"author":941683,"featured_media":1712,"comment_status":"open","ping_status":"open","sticky":false,"template":"","format":"standard","meta":{"om_disable_all_campaigns":false,"_exactmetrics_skip_tracking":false,"_exactmetrics_sitenote_active":false,"_exactmetrics_sitenote_note":"","_exactmetrics_sitenote_category":0,"_monsterinsights_skip_tracking":false,"_monsterinsights_sitenote_active":false,"_monsterinsights_sitenote_note":"","_monsterinsights_sitenote_category":0,"_uf_show_specific_survey":0,"_uf_disable_surveys":false,"footnotes":""},"categories":[125],"tags":[141,41,15,140],"aioseo_notices":[],"yoast_head":"<!-- This site is optimized with the Yoast SEO plugin v22.1 - https:\/\/yoast.com\/wordpress\/plugins\/seo\/ -->\n<title>1\u00aa Conven\u00e7\u00e3o PremiaP\u00e3o Experience acontece em SP - Blog PremiaP\u00e3o<\/title>\n<meta name=\"description\" content=\"Quer saber de uma boa not\u00edcia? A PremiaP\u00e3o realiza a sua primeira Conven\u00e7\u00e3o Nacional, em S\u00e3o Paulo, em junho deste ano! O evento ser\u00e1 chamado de PremiaP\u00e3o\" \/>\n<meta name=\"robots\" content=\"index, follow, max-snippet:-1, max-image-preview:large, max-video-preview:-1\" \/>\n<link rel=\"canonical\" href=\"https:\/\/premiapao.com.br\/blog\/premiapao-experience-2\/\" \/>\n<meta property=\"og:locale\" content=\"pt_BR\" \/>\n<meta property=\"og:type\" content=\"article\" \/>\n<meta property=\"og:title\" content=\"1\u00aa Conven\u00e7\u00e3o PremiaP\u00e3o Experience acontece em SP - Blog PremiaP\u00e3o\" \/>\n<meta property=\"og:description\" content=\"Quer saber de uma boa not\u00edcia? A PremiaP\u00e3o realiza a sua primeira Conven\u00e7\u00e3o Nacional, em S\u00e3o Paulo, em junho deste ano! O evento ser\u00e1 chamado de PremiaP\u00e3o\" \/>\n<meta property=\"og:url\" content=\"https:\/\/premiapao.com.br\/blog\/premiapao-experience-2\/\" \/>\n<meta property=\"og:site_name\" content=\"Blog PremiaP\u00e3o\" \/>\n<meta property=\"article:publisher\" content=\"http:\/\/facebook.com\/premiapao\" \/>\n<meta property=\"article:published_time\" content=\"2017-03-28T17:17:50+00:00\" \/>\n<meta property=\"article:modified_time\" content=\"2017-12-27T19:44:15+00:00\" \/>\n<meta property=\"og:image\" content=\"https:\/\/premiapao.com.br\/blog\/wp-content\/uploads\/2017\/03\/Untitled-design-29.png\" \/>\n\t<meta property=\"og:image:width\" content=\"1080\" \/>\n\t<meta property=\"og:image:height\" content=\"550\" \/>\n\t<meta property=\"og:image:type\" content=\"image\/png\" \/>\n<meta name=\"author\" content=\"PremiaP\u00e3o\" \/>\n<meta name=\"twitter:card\" content=\"summary_large_image\" \/>\n<meta name=\"twitter:label1\" content=\"Escrito por\" \/>\n\t<meta name=\"twitter:data1\" content=\"PremiaP\u00e3o\" \/>\n\t<meta name=\"twitter:label2\" content=\"Est. tempo de leitura\" \/>\n\t<meta name=\"twitter:data2\" content=\"2 minutos\" \/>\n<script type=\"application\/ld+json\" class=\"yoast-schema-graph\">{\"@context\":\"https:\/\/schema.org\",\"@graph\":[{\"@type\":\"WebPage\",\"@id\":\"https:\/\/premiapao.com.br\/blog\/premiapao-experience-2\/\",\"url\":\"https:\/\/premiapao.com.br\/blog\/premiapao-experience-2\/\",\"name\":\"1\u00aa Conven\u00e7\u00e3o PremiaP\u00e3o Experience acontece em SP - Blog PremiaP\u00e3o\",\"isPartOf\":{\"@id\":\"https:\/\/premiapao.com.br\/blog\/#website\"},\"datePublished\":\"2017-03-28T17:17:50+00:00\",\"dateModified\":\"2017-12-27T19:44:15+00:00\",\"author\":{\"@id\":\"https:\/\/premiapao.com.br\/blog\/#\/schema\/person\/6e0d22e5f11995c70b284336b0697b93\"},\"description\":\"Quer saber de uma boa not\u00edcia? A PremiaP\u00e3o realiza a sua primeira Conven\u00e7\u00e3o Nacional, em S\u00e3o Paulo, em junho deste ano! O evento ser\u00e1 chamado de PremiaP\u00e3o\",\"breadcrumb\":{\"@id\":\"https:\/\/premiapao.com.br\/blog\/premiapao-experience-2\/#breadcrumb\"},\"inLanguage\":\"pt-BR\",\"potentialAction\":[{\"@type\":\"ReadAction\",\"target\":[\"https:\/\/premiapao.com.br\/blog\/premiapao-experience-2\/\"]}]},{\"@type\":\"BreadcrumbList\",\"@id\":\"https:\/\/premiapao.com.br\/blog\/premiapao-experience-2\/#breadcrumb\",\"itemListElement\":[{\"@type\":\"ListItem\",\"position\":1,\"name\":\"In\u00edcio\",\"item\":\"https:\/\/premiapao.com.br\/blog\/\"},{\"@type\":\"ListItem\",\"position\":2,\"name\":\"1\u00aa Conven\u00e7\u00e3o PremiaP\u00e3o Experience acontece em SP\"}]},{\"@type\":\"WebSite\",\"@id\":\"https:\/\/premiapao.com.br\/blog\/#website\",\"url\":\"https:\/\/premiapao.com.br\/blog\/\",\"name\":\"Blog PremiaP\u00e3o\",\"description\":\"Blog PremiaP\u00e3o para trazer novidades para os interessados em franquia barata e rent\u00e1vel\",\"potentialAction\":[{\"@type\":\"SearchAction\",\"target\":{\"@type\":\"EntryPoint\",\"urlTemplate\":\"https:\/\/premiapao.com.br\/blog\/?s={search_term_string}\"},\"query-input\":\"required name=search_term_string\"}],\"inLanguage\":\"pt-BR\"},{\"@type\":\"Person\",\"@id\":\"https:\/\/premiapao.com.br\/blog\/#\/schema\/person\/6e0d22e5f11995c70b284336b0697b93\",\"name\":\"PremiaP\u00e3o\",\"image\":{\"@type\":\"ImageObject\",\"inLanguage\":\"pt-BR\",\"@id\":\"https:\/\/premiapao.com.br\/blog\/#\/schema\/person\/image\/\",\"url\":\"https:\/\/secure.gravatar.com\/avatar\/7f4cb606c472c551a18f9e7f9cd41922?s=96&d=blank&r=g\",\"contentUrl\":\"https:\/\/secure.gravatar.com\/avatar\/7f4cb606c472c551a18f9e7f9cd41922?s=96&d=blank&r=g\",\"caption\":\"PremiaP\u00e3o\"},\"url\":\"https:\/\/premiapao.com.br\/blog\/author\/premiapao\/\"}]}<\/script>\n<!-- \/ Yoast SEO plugin. -->","yoast_head_json":{"title":"1\u00aa Conven\u00e7\u00e3o PremiaP\u00e3o Experience acontece em SP - Blog PremiaP\u00e3o","description":"Quer saber de uma boa not\u00edcia? A PremiaP\u00e3o realiza a sua primeira Conven\u00e7\u00e3o Nacional, em S\u00e3o Paulo, em junho deste ano! O evento ser\u00e1 chamado de PremiaP\u00e3o","robots":{"index":"index","follow":"follow","max-snippet":"max-snippet:-1","max-image-preview":"max-image-preview:large","max-video-preview":"max-video-preview:-1"},"canonical":"https:\/\/premiapao.com.br\/blog\/premiapao-experience-2\/","og_locale":"pt_BR","og_type":"article","og_title":"1\u00aa Conven\u00e7\u00e3o PremiaP\u00e3o Experience acontece em SP - Blog PremiaP\u00e3o","og_description":"Quer saber de uma boa not\u00edcia? A PremiaP\u00e3o realiza a sua primeira Conven\u00e7\u00e3o Nacional, em S\u00e3o Paulo, em junho deste ano! O evento ser\u00e1 chamado de PremiaP\u00e3o","og_url":"https:\/\/premiapao.com.br\/blog\/premiapao-experience-2\/","og_site_name":"Blog PremiaP\u00e3o","article_publisher":"http:\/\/facebook.com\/premiapao","article_published_time":"2017-03-28T17:17:50+00:00","article_modified_time":"2017-12-27T19:44:15+00:00","og_image":[{"width":1080,"height":550,"url":"https:\/\/premiapao.com.br\/blog\/wp-content\/uploads\/2017\/03\/Untitled-design-29.png","type":"image\/png"}],"author":"PremiaP\u00e3o","twitter_card":"summary_large_image","twitter_misc":{"Escrito por":"PremiaP\u00e3o","Est. tempo de leitura":"2 minutos"},"schema":{"@context":"https:\/\/schema.org","@graph":[{"@type":"WebPage","@id":"https:\/\/premiapao.com.br\/blog\/premiapao-experience-2\/","url":"https:\/\/premiapao.com.br\/blog\/premiapao-experience-2\/","name":"1\u00aa Conven\u00e7\u00e3o PremiaP\u00e3o Experience acontece em SP - Blog PremiaP\u00e3o","isPartOf":{"@id":"https:\/\/premiapao.com.br\/blog\/#website"},"datePublished":"2017-03-28T17:17:50+00:00","dateModified":"2017-12-27T19:44:15+00:00","author":{"@id":"https:\/\/premiapao.com.br\/blog\/#\/schema\/person\/6e0d22e5f11995c70b284336b0697b93"},"description":"Quer saber de uma boa not\u00edcia? A PremiaP\u00e3o realiza a sua primeira Conven\u00e7\u00e3o Nacional, em S\u00e3o Paulo, em junho deste ano! O evento ser\u00e1 chamado de PremiaP\u00e3o","breadcrumb":{"@id":"https:\/\/premiapao.com.br\/blog\/premiapao-experience-2\/#breadcrumb"},"inLanguage":"pt-BR","potentialAction":[{"@type":"ReadAction","target":["https:\/\/premiapao.com.br\/blog\/premiapao-experience-2\/"]}]},{"@type":"BreadcrumbList","@id":"https:\/\/premiapao.com.br\/blog\/premiapao-experience-2\/#breadcrumb","itemListElement":[{"@type":"ListItem","position":1,"name":"In\u00edcio","item":"https:\/\/premiapao.com.br\/blog\/"},{"@type":"ListItem","position":2,"name":"1\u00aa Conven\u00e7\u00e3o PremiaP\u00e3o Experience acontece em SP"}]},{"@type":"WebSite","@id":"https:\/\/premiapao.com.br\/blog\/#website","url":"https:\/\/premiapao.com.br\/blog\/","name":"Blog PremiaP\u00e3o","description":"Blog PremiaP\u00e3o para trazer novidades para os interessados em franquia barata e rent\u00e1vel","potentialAction":[{"@type":"SearchAction","target":{"@type":"EntryPoint","urlTemplate":"https:\/\/premiapao.com.br\/blog\/?s={search_term_string}"},"query-input":"required name=search_term_string"}],"inLanguage":"pt-BR"},{"@type":"Person","@id":"https:\/\/premiapao.com.br\/blog\/#\/schema\/person\/6e0d22e5f11995c70b284336b0697b93","name":"PremiaP\u00e3o","image":{"@type":"ImageObject","inLanguage":"pt-BR","@id":"https:\/\/premiapao.com.br\/blog\/#\/schema\/person\/image\/","url":"https:\/\/secure.gravatar.com\/avatar\/7f4cb606c472c551a18f9e7f9cd41922?s=96&d=blank&r=g","contentUrl":"https:\/\/secure.gravatar.com\/avatar\/7f4cb606c472c551a18f9e7f9cd41922?s=96&d=blank&r=g","caption":"PremiaP\u00e3o"},"url":"https:\/\/premiapao.com.br\/blog\/author\/premiapao\/"}]}},"_links":{"self":[{"href":"https:\/\/premiapao.com.br\/blog\/wp-json\/wp\/v2\/posts\/1709"}],"collection":[{"href":"https:\/\/premiapao.com.br\/blog\/wp-json\/wp\/v2\/posts"}],"about":[{"href":"https:\/\/premiapao.com.br\/blog\/wp-json\/wp\/v2\/types\/post"}],"author":[{"embeddable":true,"href":"https:\/\/premiapao.com.br\/blog\/wp-json\/wp\/v2\/users\/941683"}],"replies":[{"embeddable":true,"href":"https:\/\/premiapao.com.br\/blog\/wp-json\/wp\/v2\/comments?post=1709"}],"version-history":[{"count":9,"href":"https:\/\/premiapao.com.br\/blog\/wp-json\/wp\/v2\/posts\/1709\/revisions"}],"predecessor-version":[{"id":1727,"href":"https:\/\/premiapao.com.br\/blog\/wp-json\/wp\/v2\/posts\/1709\/revisions\/1727"}],"wp:featuredmedia":[{"embeddable":true,"href":"https:\/\/premiapao.com.br\/blog\/wp-json\/wp\/v2\/media\/1712"}],"wp:attachment":[{"href":"https:\/\/premiapao.com.br\/blog\/wp-json\/wp\/v2\/media?parent=1709"}],"wp:term":[{"taxonomy":"category","embeddable":true,"href":"https:\/\/premiapao.com.br\/blog\/wp-json\/wp\/v2\/categories?post=1709"},{"taxonomy":"post_tag","embeddable":true,"href":"https:\/\/premiapao.com.br\/blog\/wp-json\/wp\/v2\/tags?post=1709"}],"curies":[{"name":"wp","href":"https:\/\/api.w.org\/{rel}","templated":true}]}}