{"id":5273,"date":"2025-05-29T15:03:33","date_gmt":"2025-05-29T18:03:33","guid":{"rendered":"https:\/\/premiapao.com.br\/blog\/?p=5273"},"modified":"2025-06-05T16:33:31","modified_gmt":"2025-06-05T19:33:31","slug":"o-boticario-premiapao-publicidade-revendedroes","status":"publish","type":"post","link":"https:\/\/premiapao.com.br\/blog\/o-boticario-premiapao-publicidade-revendedroes\/","title":{"rendered":"Unidade do O Botic\u00e1rio aposta em publicidade em saquinhos de p\u00e3o e aumenta a procura de revendedores em Cariacica"},"content":{"rendered":"\n<p><\/p>\n\n\n\n<p>A uni\u00e3o entre criatividade, impacto local e sustentabilidade est\u00e1 rendendo frutos para marcas que buscam se conectar de forma genu\u00edna com seus consumidores. Um exemplo disso \u00e9 a campanha do O Botic\u00e1rio realizada em Cariacica\/ES em parceria com a PremiaP\u00e3o \u2014 rede de microfranquias de publicidade em sacos de p\u00e3o \u2014 e conduzida pelo franqueado Matheus Dantas.<\/p>\n\n\n\n<p>Guilherme, analista de marketing respons\u00e1vel pela unidade do O Botic\u00e1rio em Cariacica, j\u00e1 conhecia o modelo de m\u00eddia da PremiaP\u00e3o em outras regi\u00f5es, e viu no projeto de Matheus uma oportunidade estrat\u00e9gica<\/p>\n\n\n\n<p><em>\u201cA possibilidade de levar a comunica\u00e7\u00e3o da marca para dentro da casa do cliente \u2014 literalmente \u00e0 mesa do caf\u00e9 da manh\u00e3 \u2014 \u00e9 algo que poucas m\u00eddias conseguem oferecer\u201d<\/em>, afirma Guilherme.<\/p>\n\n\n\n<p>Segundo Guilherme, al\u00e9m da proximidade com o p\u00fablico, o diferencial da PremiaP\u00e3o est\u00e1 na leveza da opera\u00e7\u00e3o e na forma como a entrega acontece:<\/p>\n\n\n\n<p><em>\u201cO trabalho \u00e9 conduzido com efici\u00eancia, e as a\u00e7\u00f5es integradas \u00e0 m\u00eddia tornam a campanha ainda mais efetiva. Os resultados falam por si\u201d<\/em>, destaca.<\/p>\n\n\n\n<p>Com apenas uma campanha, o Botic\u00e1rio registrou um aumento de quase 5% na procura por revendedores.\u00a0<\/p>\n\n\n\n<p><em>\u201cPode parecer um n\u00famero pequeno, mas \u00e9 um indicador excelente para o perfil de p\u00fablico que trabalhamos\u201d<\/em>, explica Guilherme.<\/p>\n\n\n\n<p>A a\u00e7\u00e3o tamb\u00e9m foi marcada pelo <strong>plantio de mudas no Parque da Biquinha<\/strong>, em uma iniciativa coordenada por Matheus com apoio da PremiaP\u00e3o. A atividade refor\u00e7a o compromisso da marca com a sustentabilidade e deixou um legado positivo para a comunidade.<\/p>\n\n\n\n<p><em>\u201cSaber que, mesmo de forma sutil, contribu\u00edmos para a melhoria de espa\u00e7os comunit\u00e1rios \u00e9 extremamente gratificante. Campanhas que geram resultados e ainda deixam um legado para a cidade mostram que \u00e9 poss\u00edvel fazer marketing com prop\u00f3sito\u201d<\/em>, completa Guilherme.<\/p>\n\n\n\n<p>O case refor\u00e7a a for\u00e7a da m\u00eddia offline quando aliada \u00e0 estrat\u00e9gia, proximidade com o consumidor e responsabilidade socioambiental \u2014 pilares que v\u00eam sendo valorizados por marcas que querem ir al\u00e9m da visibilidade e gerar conex\u00f5es reais com seu p\u00fablico.<\/p>\n\n\n\n<h3 class=\"wp-block-heading\">&#x1f680; Quer saber mais sobre como transformar a sua vida e ter uma fonte de renda de at\u00e9 R$ 35 mil\/m\u00eas?<\/h3>\n\n\n\n<p>&#x1f449;&nbsp;<a href=\"https:\/\/premiapao.com.br\/nova-lp\/?utm_source=blog.com&amp;utm_medium=blogpp&amp;utm_campaign=case-thiago-taise\">Clique aqui para falar com nossa equipe<\/a>&nbsp;e descobrir como se tornar um franqueado PremiaP\u00e3o.<br>Voc\u00ea pode trabalhar de casa, com flexibilidade e suporte completo para decolar no mundo do empreendedorismo.<\/p>\n","protected":false},"excerpt":{"rendered":"<p>A uni\u00e3o entre criatividade, impacto local e sustentabilidade est\u00e1 rendendo frutos para marcas que buscam se conectar de forma genu\u00edna com seus consumidores. Um exemplo disso \u00e9 a campanha do O Botic\u00e1rio realizada em Cariacica\/ES em parceria com a PremiaP\u00e3o \u2014 rede de microfranquias de publicidade em sacos de p\u00e3o \u2014 e conduzida pelo franqueado [&hellip;]<\/p>\n","protected":false},"author":941685,"featured_media":5288,"comment_status":"open","ping_status":"open","sticky":false,"template":"","format":"standard","meta":{"om_disable_all_campaigns":false,"_exactmetrics_skip_tracking":false,"_exactmetrics_sitenote_active":false,"_exactmetrics_sitenote_note":"","_exactmetrics_sitenote_category":0,"_monsterinsights_skip_tracking":false,"_monsterinsights_sitenote_active":false,"_monsterinsights_sitenote_note":"","_monsterinsights_sitenote_category":0,"_uf_show_specific_survey":0,"_uf_disable_surveys":false,"footnotes":""},"categories":[125,8,11,373],"tags":[563,41,26,12,30,18,13,22,638],"aioseo_notices":[],"yoast_head":"<!-- This site is optimized with the Yoast SEO plugin v22.1 - https:\/\/yoast.com\/wordpress\/plugins\/seo\/ -->\n<title>Conhe\u00e7a o case da O Botic\u00e1rio na PremiaP\u00e3o<\/title>\n<meta name=\"description\" content=\"A unidade da O Botic\u00e1rio apostou em saquinhos de p\u00e3o, com execu\u00e7\u00e3o do franqueado Matheus Dantas, para aumentar a procura de revendedores.\" \/>\n<meta name=\"robots\" content=\"index, follow, max-snippet:-1, max-image-preview:large, max-video-preview:-1\" \/>\n<link rel=\"canonical\" href=\"https:\/\/premiapao.com.br\/blog\/o-boticario-premiapao-publicidade-revendedroes\/\" \/>\n<meta property=\"og:locale\" content=\"pt_BR\" \/>\n<meta property=\"og:type\" content=\"article\" \/>\n<meta property=\"og:title\" content=\"Conhe\u00e7a o case da O Botic\u00e1rio na PremiaP\u00e3o\" \/>\n<meta property=\"og:description\" content=\"A unidade da O Botic\u00e1rio apostou em saquinhos de p\u00e3o, com execu\u00e7\u00e3o do franqueado Matheus Dantas, para aumentar a procura de revendedores.\" \/>\n<meta property=\"og:url\" content=\"https:\/\/premiapao.com.br\/blog\/o-boticario-premiapao-publicidade-revendedroes\/\" \/>\n<meta property=\"og:site_name\" content=\"Blog PremiaP\u00e3o\" \/>\n<meta property=\"article:publisher\" content=\"http:\/\/facebook.com\/premiapao\" \/>\n<meta property=\"article:published_time\" content=\"2025-05-29T18:03:33+00:00\" \/>\n<meta property=\"article:modified_time\" content=\"2025-06-05T19:33:31+00:00\" \/>\n<meta property=\"og:image\" content=\"https:\/\/premiapao.com.br\/blog\/wp-content\/uploads\/2025\/05\/vlcsnap-2025-05-19-14h14m58s747-1-e1749151989942.png\" \/>\n\t<meta property=\"og:image:width\" content=\"697\" \/>\n\t<meta property=\"og:image:height\" content=\"403\" \/>\n\t<meta property=\"og:image:type\" content=\"image\/png\" \/>\n<meta name=\"author\" content=\"Jos\u00e9 \u00c1lvaro\" \/>\n<meta name=\"twitter:card\" content=\"summary_large_image\" \/>\n<meta name=\"twitter:label1\" content=\"Escrito por\" \/>\n\t<meta name=\"twitter:data1\" content=\"Jos\u00e9 \u00c1lvaro\" \/>\n\t<meta name=\"twitter:label2\" content=\"Est. tempo de leitura\" \/>\n\t<meta name=\"twitter:data2\" content=\"3 minutos\" \/>\n<script type=\"application\/ld+json\" class=\"yoast-schema-graph\">{\"@context\":\"https:\/\/schema.org\",\"@graph\":[{\"@type\":\"WebPage\",\"@id\":\"https:\/\/premiapao.com.br\/blog\/o-boticario-premiapao-publicidade-revendedroes\/\",\"url\":\"https:\/\/premiapao.com.br\/blog\/o-boticario-premiapao-publicidade-revendedroes\/\",\"name\":\"Conhe\u00e7a o case da O Botic\u00e1rio na PremiaP\u00e3o\",\"isPartOf\":{\"@id\":\"https:\/\/premiapao.com.br\/blog\/#website\"},\"datePublished\":\"2025-05-29T18:03:33+00:00\",\"dateModified\":\"2025-06-05T19:33:31+00:00\",\"author\":{\"@id\":\"https:\/\/premiapao.com.br\/blog\/#\/schema\/person\/b51032f4a591b08385c53182c83b5635\"},\"description\":\"A unidade da O Botic\u00e1rio apostou em saquinhos de p\u00e3o, com execu\u00e7\u00e3o do franqueado Matheus Dantas, para aumentar a procura de revendedores.\",\"breadcrumb\":{\"@id\":\"https:\/\/premiapao.com.br\/blog\/o-boticario-premiapao-publicidade-revendedroes\/#breadcrumb\"},\"inLanguage\":\"pt-BR\",\"potentialAction\":[{\"@type\":\"ReadAction\",\"target\":[\"https:\/\/premiapao.com.br\/blog\/o-boticario-premiapao-publicidade-revendedroes\/\"]}]},{\"@type\":\"BreadcrumbList\",\"@id\":\"https:\/\/premiapao.com.br\/blog\/o-boticario-premiapao-publicidade-revendedroes\/#breadcrumb\",\"itemListElement\":[{\"@type\":\"ListItem\",\"position\":1,\"name\":\"In\u00edcio\",\"item\":\"https:\/\/premiapao.com.br\/blog\/\"},{\"@type\":\"ListItem\",\"position\":2,\"name\":\"Unidade do O Botic\u00e1rio aposta em publicidade em saquinhos de p\u00e3o e aumenta a procura de revendedores em Cariacica\"}]},{\"@type\":\"WebSite\",\"@id\":\"https:\/\/premiapao.com.br\/blog\/#website\",\"url\":\"https:\/\/premiapao.com.br\/blog\/\",\"name\":\"Blog PremiaP\u00e3o\",\"description\":\"Blog PremiaP\u00e3o para trazer novidades para os interessados em franquia barata e rent\u00e1vel\",\"potentialAction\":[{\"@type\":\"SearchAction\",\"target\":{\"@type\":\"EntryPoint\",\"urlTemplate\":\"https:\/\/premiapao.com.br\/blog\/?s={search_term_string}\"},\"query-input\":\"required name=search_term_string\"}],\"inLanguage\":\"pt-BR\"},{\"@type\":\"Person\",\"@id\":\"https:\/\/premiapao.com.br\/blog\/#\/schema\/person\/b51032f4a591b08385c53182c83b5635\",\"name\":\"Jos\u00e9 \u00c1lvaro\",\"image\":{\"@type\":\"ImageObject\",\"inLanguage\":\"pt-BR\",\"@id\":\"https:\/\/premiapao.com.br\/blog\/#\/schema\/person\/image\/\",\"url\":\"https:\/\/secure.gravatar.com\/avatar\/6998364bf8a0138d39191c6e7989077c?s=96&d=blank&r=g\",\"contentUrl\":\"https:\/\/secure.gravatar.com\/avatar\/6998364bf8a0138d39191c6e7989077c?s=96&d=blank&r=g\",\"caption\":\"Jos\u00e9 \u00c1lvaro\"},\"url\":\"https:\/\/premiapao.com.br\/blog\/author\/alvaropremiapao\/\"}]}<\/script>\n<!-- \/ Yoast SEO plugin. -->","yoast_head_json":{"title":"Conhe\u00e7a o case da O Botic\u00e1rio na PremiaP\u00e3o","description":"A unidade da O Botic\u00e1rio apostou em saquinhos de p\u00e3o, com execu\u00e7\u00e3o do franqueado Matheus Dantas, para aumentar a procura de revendedores.","robots":{"index":"index","follow":"follow","max-snippet":"max-snippet:-1","max-image-preview":"max-image-preview:large","max-video-preview":"max-video-preview:-1"},"canonical":"https:\/\/premiapao.com.br\/blog\/o-boticario-premiapao-publicidade-revendedroes\/","og_locale":"pt_BR","og_type":"article","og_title":"Conhe\u00e7a o case da O Botic\u00e1rio na PremiaP\u00e3o","og_description":"A unidade da O Botic\u00e1rio apostou em saquinhos de p\u00e3o, com execu\u00e7\u00e3o do franqueado Matheus Dantas, para aumentar a procura de revendedores.","og_url":"https:\/\/premiapao.com.br\/blog\/o-boticario-premiapao-publicidade-revendedroes\/","og_site_name":"Blog PremiaP\u00e3o","article_publisher":"http:\/\/facebook.com\/premiapao","article_published_time":"2025-05-29T18:03:33+00:00","article_modified_time":"2025-06-05T19:33:31+00:00","og_image":[{"width":697,"height":403,"url":"https:\/\/premiapao.com.br\/blog\/wp-content\/uploads\/2025\/05\/vlcsnap-2025-05-19-14h14m58s747-1-e1749151989942.png","type":"image\/png"}],"author":"Jos\u00e9 \u00c1lvaro","twitter_card":"summary_large_image","twitter_misc":{"Escrito por":"Jos\u00e9 \u00c1lvaro","Est. tempo de leitura":"3 minutos"},"schema":{"@context":"https:\/\/schema.org","@graph":[{"@type":"WebPage","@id":"https:\/\/premiapao.com.br\/blog\/o-boticario-premiapao-publicidade-revendedroes\/","url":"https:\/\/premiapao.com.br\/blog\/o-boticario-premiapao-publicidade-revendedroes\/","name":"Conhe\u00e7a o case da O Botic\u00e1rio na PremiaP\u00e3o","isPartOf":{"@id":"https:\/\/premiapao.com.br\/blog\/#website"},"datePublished":"2025-05-29T18:03:33+00:00","dateModified":"2025-06-05T19:33:31+00:00","author":{"@id":"https:\/\/premiapao.com.br\/blog\/#\/schema\/person\/b51032f4a591b08385c53182c83b5635"},"description":"A unidade da O Botic\u00e1rio apostou em saquinhos de p\u00e3o, com execu\u00e7\u00e3o do franqueado Matheus Dantas, para aumentar a procura de revendedores.","breadcrumb":{"@id":"https:\/\/premiapao.com.br\/blog\/o-boticario-premiapao-publicidade-revendedroes\/#breadcrumb"},"inLanguage":"pt-BR","potentialAction":[{"@type":"ReadAction","target":["https:\/\/premiapao.com.br\/blog\/o-boticario-premiapao-publicidade-revendedroes\/"]}]},{"@type":"BreadcrumbList","@id":"https:\/\/premiapao.com.br\/blog\/o-boticario-premiapao-publicidade-revendedroes\/#breadcrumb","itemListElement":[{"@type":"ListItem","position":1,"name":"In\u00edcio","item":"https:\/\/premiapao.com.br\/blog\/"},{"@type":"ListItem","position":2,"name":"Unidade do O Botic\u00e1rio aposta em publicidade em saquinhos de p\u00e3o e aumenta a procura de revendedores em Cariacica"}]},{"@type":"WebSite","@id":"https:\/\/premiapao.com.br\/blog\/#website","url":"https:\/\/premiapao.com.br\/blog\/","name":"Blog PremiaP\u00e3o","description":"Blog PremiaP\u00e3o para trazer novidades para os interessados em franquia barata e rent\u00e1vel","potentialAction":[{"@type":"SearchAction","target":{"@type":"EntryPoint","urlTemplate":"https:\/\/premiapao.com.br\/blog\/?s={search_term_string}"},"query-input":"required name=search_term_string"}],"inLanguage":"pt-BR"},{"@type":"Person","@id":"https:\/\/premiapao.com.br\/blog\/#\/schema\/person\/b51032f4a591b08385c53182c83b5635","name":"Jos\u00e9 \u00c1lvaro","image":{"@type":"ImageObject","inLanguage":"pt-BR","@id":"https:\/\/premiapao.com.br\/blog\/#\/schema\/person\/image\/","url":"https:\/\/secure.gravatar.com\/avatar\/6998364bf8a0138d39191c6e7989077c?s=96&d=blank&r=g","contentUrl":"https:\/\/secure.gravatar.com\/avatar\/6998364bf8a0138d39191c6e7989077c?s=96&d=blank&r=g","caption":"Jos\u00e9 \u00c1lvaro"},"url":"https:\/\/premiapao.com.br\/blog\/author\/alvaropremiapao\/"}]}},"_links":{"self":[{"href":"https:\/\/premiapao.com.br\/blog\/wp-json\/wp\/v2\/posts\/5273"}],"collection":[{"href":"https:\/\/premiapao.com.br\/blog\/wp-json\/wp\/v2\/posts"}],"about":[{"href":"https:\/\/premiapao.com.br\/blog\/wp-json\/wp\/v2\/types\/post"}],"author":[{"embeddable":true,"href":"https:\/\/premiapao.com.br\/blog\/wp-json\/wp\/v2\/users\/941685"}],"replies":[{"embeddable":true,"href":"https:\/\/premiapao.com.br\/blog\/wp-json\/wp\/v2\/comments?post=5273"}],"version-history":[{"count":3,"href":"https:\/\/premiapao.com.br\/blog\/wp-json\/wp\/v2\/posts\/5273\/revisions"}],"predecessor-version":[{"id":5284,"href":"https:\/\/premiapao.com.br\/blog\/wp-json\/wp\/v2\/posts\/5273\/revisions\/5284"}],"wp:featuredmedia":[{"embeddable":true,"href":"https:\/\/premiapao.com.br\/blog\/wp-json\/wp\/v2\/media\/5288"}],"wp:attachment":[{"href":"https:\/\/premiapao.com.br\/blog\/wp-json\/wp\/v2\/media?parent=5273"}],"wp:term":[{"taxonomy":"category","embeddable":true,"href":"https:\/\/premiapao.com.br\/blog\/wp-json\/wp\/v2\/categories?post=5273"},{"taxonomy":"post_tag","embeddable":true,"href":"https:\/\/premiapao.com.br\/blog\/wp-json\/wp\/v2\/tags?post=5273"}],"curies":[{"name":"wp","href":"https:\/\/api.w.org\/{rel}","templated":true}]}}